{"id":283,"date":"2010-01-16T15:38:22","date_gmt":"2010-01-16T14:38:22","guid":{"rendered":"http:\/\/www.garageduvernay.ch\/new\/?p=283"},"modified":"2016-04-11T15:45:44","modified_gmt":"2016-04-11T15:45:44","slug":"service-apres-vente-toyota-suisse-2009","status":"publish","type":"post","link":"https:\/\/garageduvernay.ch\/newsite\/service-apres-vente-toyota-suisse-2009\/","title":{"rendered":"Service apr\u00e8s-vente Toyota Suisse 2009"},"content":{"rendered":"<p>R\u00e9sultat du concours service apr\u00e8s-vente Toyota Suisse 2009, Notre garage se voit attribuer la place no. 7 sur 150 garages.<\/p>\n<p>Service apr\u00e8s-vente Toyota Suisse 2009<\/p>\n","protected":false},"excerpt":{"rendered":"<p>R\u00e9sultat du concours service apr\u00e8s-vente Toyota Suisse 2009, Notre garage se voit attribuer la place no. 7 sur 150 garages&#8230;.<\/p>\n","protected":false},"author":2,"featured_media":16495,"comment_status":"closed","ping_status":"closed","sticky":false,"template":"","format":"image","meta":{"footnotes":""},"categories":[131],"tags":[127,129,153,130],"class_list":["post-283","post","type-post","status-publish","format-image","has-post-thumbnail","hentry","category-services","tag-champion-suisse","tag-service-apres-vente","tag-service-apres-vente-toyota-suisse-2009","tag-service-toyota","post_format-post-format-image"],"yoast_head":"<!-- This site is optimized with the Yoast SEO plugin v26.3 - https:\/\/yoast.com\/wordpress\/plugins\/seo\/ -->\n<title>Service apr\u00e8s-vente Toyota Suisse 2009 - Garage du Vernay<\/title>\n<meta name=\"description\" content=\"R\u00e9sultat du concours service apr\u00e8s-vente Toyota Suisse 2010, Notre garage se voit attribuer la place no. 7 sur 150 garages.\" \/>\n<meta name=\"robots\" content=\"index, follow, max-snippet:-1, max-image-preview:large, max-video-preview:-1\" \/>\n<link rel=\"canonical\" href=\"https:\/\/garageduvernay.ch\/newsite\/service-apres-vente-toyota-suisse-2009\/\" \/>\n<meta property=\"og:locale\" content=\"fr_FR\" \/>\n<meta property=\"og:type\" content=\"article\" \/>\n<meta property=\"og:title\" content=\"Service apr\u00e8s-vente Toyota Suisse 2009 - Garage du Vernay\" \/>\n<meta property=\"og:description\" content=\"R\u00e9sultat du concours service apr\u00e8s-vente Toyota Suisse 2010, Notre garage se voit attribuer la place no. 7 sur 150 garages.\" \/>\n<meta property=\"og:url\" content=\"https:\/\/garageduvernay.ch\/newsite\/service-apres-vente-toyota-suisse-2009\/\" \/>\n<meta property=\"og:site_name\" content=\"Garage du Vernay\" \/>\n<meta property=\"article:published_time\" content=\"2010-01-16T14:38:22+00:00\" \/>\n<meta property=\"article:modified_time\" content=\"2016-04-11T15:45:44+00:00\" \/>\n<meta property=\"og:image\" content=\"https:\/\/garageduvernay.ch\/newsite\/wp-content\/uploads\/2015\/02\/news-03.jpg\" \/>\n\t<meta property=\"og:image:width\" content=\"1052\" \/>\n\t<meta property=\"og:image:height\" content=\"1024\" \/>\n\t<meta property=\"og:image:type\" content=\"image\/jpeg\" \/>\n<meta name=\"author\" content=\"Micha\u00ebl Bill\" \/>\n<meta name=\"twitter:card\" content=\"summary_large_image\" \/>\n<meta name=\"twitter:label1\" content=\"\u00c9crit par\" \/>\n\t<meta name=\"twitter:data1\" content=\"Micha\u00ebl Bill\" \/>\n<script type=\"application\/ld+json\" class=\"yoast-schema-graph\">{\"@context\":\"https:\/\/schema.org\",\"@graph\":[{\"@type\":\"Article\",\"@id\":\"https:\/\/garageduvernay.ch\/newsite\/service-apres-vente-toyota-suisse-2009\/#article\",\"isPartOf\":{\"@id\":\"https:\/\/garageduvernay.ch\/newsite\/service-apres-vente-toyota-suisse-2009\/\"},\"author\":{\"name\":\"Micha\u00ebl Bill\",\"@id\":\"https:\/\/garageduvernay.ch\/newsite\/#\/schema\/person\/51680d5e83b7d45abc788e4e12ed97d1\"},\"headline\":\"Service apr\u00e8s-vente Toyota Suisse 2009\",\"datePublished\":\"2010-01-16T14:38:22+00:00\",\"dateModified\":\"2016-04-11T15:45:44+00:00\",\"mainEntityOfPage\":{\"@id\":\"https:\/\/garageduvernay.ch\/newsite\/service-apres-vente-toyota-suisse-2009\/\"},\"wordCount\":29,\"publisher\":{\"@id\":\"https:\/\/garageduvernay.ch\/newsite\/#organization\"},\"image\":{\"@id\":\"https:\/\/garageduvernay.ch\/newsite\/service-apres-vente-toyota-suisse-2009\/#primaryimage\"},\"thumbnailUrl\":\"https:\/\/garageduvernay.ch\/newsite\/wp-content\/uploads\/2015\/02\/news-03.jpg\",\"keywords\":[\"champion suisse\",\"service apr\u00e8s-vente\",\"Service apr\u00e8s-vente Toyota Suisse 2009\",\"service Toyota\"],\"articleSection\":[\"Services\"],\"inLanguage\":\"fr-FR\"},{\"@type\":\"WebPage\",\"@id\":\"https:\/\/garageduvernay.ch\/newsite\/service-apres-vente-toyota-suisse-2009\/\",\"url\":\"https:\/\/garageduvernay.ch\/newsite\/service-apres-vente-toyota-suisse-2009\/\",\"name\":\"Service apr\u00e8s-vente Toyota Suisse 2009 - Garage du Vernay\",\"isPartOf\":{\"@id\":\"https:\/\/garageduvernay.ch\/newsite\/#website\"},\"primaryImageOfPage\":{\"@id\":\"https:\/\/garageduvernay.ch\/newsite\/service-apres-vente-toyota-suisse-2009\/#primaryimage\"},\"image\":{\"@id\":\"https:\/\/garageduvernay.ch\/newsite\/service-apres-vente-toyota-suisse-2009\/#primaryimage\"},\"thumbnailUrl\":\"https:\/\/garageduvernay.ch\/newsite\/wp-content\/uploads\/2015\/02\/news-03.jpg\",\"datePublished\":\"2010-01-16T14:38:22+00:00\",\"dateModified\":\"2016-04-11T15:45:44+00:00\",\"description\":\"R\u00e9sultat du concours service apr\u00e8s-vente Toyota Suisse 2010, Notre garage se voit attribuer la place no. 7 sur 150 garages.\",\"breadcrumb\":{\"@id\":\"https:\/\/garageduvernay.ch\/newsite\/service-apres-vente-toyota-suisse-2009\/#breadcrumb\"},\"inLanguage\":\"fr-FR\",\"potentialAction\":[{\"@type\":\"ReadAction\",\"target\":[\"https:\/\/garageduvernay.ch\/newsite\/service-apres-vente-toyota-suisse-2009\/\"]}]},{\"@type\":\"ImageObject\",\"inLanguage\":\"fr-FR\",\"@id\":\"https:\/\/garageduvernay.ch\/newsite\/service-apres-vente-toyota-suisse-2009\/#primaryimage\",\"url\":\"https:\/\/garageduvernay.ch\/newsite\/wp-content\/uploads\/2015\/02\/news-03.jpg\",\"contentUrl\":\"https:\/\/garageduvernay.ch\/newsite\/wp-content\/uploads\/2015\/02\/news-03.jpg\",\"width\":1052,\"height\":1024},{\"@type\":\"BreadcrumbList\",\"@id\":\"https:\/\/garageduvernay.ch\/newsite\/service-apres-vente-toyota-suisse-2009\/#breadcrumb\",\"itemListElement\":[{\"@type\":\"ListItem\",\"position\":1,\"name\":\"Accueil\",\"item\":\"https:\/\/garageduvernay.ch\/newsite\/\"},{\"@type\":\"ListItem\",\"position\":2,\"name\":\"Service apr\u00e8s-vente Toyota Suisse 2009\"}]},{\"@type\":\"WebSite\",\"@id\":\"https:\/\/garageduvernay.ch\/newsite\/#website\",\"url\":\"https:\/\/garageduvernay.ch\/newsite\/\",\"name\":\"Garage du Vernay\",\"description\":\"Votre Concessionnaire Toyota et Mitsubishi\",\"publisher\":{\"@id\":\"https:\/\/garageduvernay.ch\/newsite\/#organization\"},\"alternateName\":\"Garage du Vernay\",\"potentialAction\":[{\"@type\":\"SearchAction\",\"target\":{\"@type\":\"EntryPoint\",\"urlTemplate\":\"https:\/\/garageduvernay.ch\/newsite\/?s={search_term_string}\"},\"query-input\":{\"@type\":\"PropertyValueSpecification\",\"valueRequired\":true,\"valueName\":\"search_term_string\"}}],\"inLanguage\":\"fr-FR\"},{\"@type\":\"Organization\",\"@id\":\"https:\/\/garageduvernay.ch\/newsite\/#organization\",\"name\":\"Garage du Vernay\",\"alternateName\":\"Garage du Vernay\",\"url\":\"https:\/\/garageduvernay.ch\/newsite\/\",\"logo\":{\"@type\":\"ImageObject\",\"inLanguage\":\"fr-FR\",\"@id\":\"https:\/\/garageduvernay.ch\/newsite\/#\/schema\/logo\/image\/\",\"url\":\"https:\/\/garageduvernay.ch\/newsite\/wp-content\/uploads\/2024\/04\/Logo-jdf-Final-2021-696x696-1.jpg\",\"contentUrl\":\"https:\/\/garageduvernay.ch\/newsite\/wp-content\/uploads\/2024\/04\/Logo-jdf-Final-2021-696x696-1.jpg\",\"width\":696,\"height\":696,\"caption\":\"Garage du Vernay\"},\"image\":{\"@id\":\"https:\/\/garageduvernay.ch\/newsite\/#\/schema\/logo\/image\/\"}},{\"@type\":\"Person\",\"@id\":\"https:\/\/garageduvernay.ch\/newsite\/#\/schema\/person\/51680d5e83b7d45abc788e4e12ed97d1\",\"name\":\"Micha\u00ebl Bill\",\"image\":{\"@type\":\"ImageObject\",\"inLanguage\":\"fr-FR\",\"@id\":\"https:\/\/garageduvernay.ch\/newsite\/#\/schema\/person\/image\/\",\"url\":\"https:\/\/secure.gravatar.com\/avatar\/879126d261bf2f512d35f7d6f9a3f8b134d83a2f515ace943d072f7b69822a1d?s=96&d=mm&r=g\",\"contentUrl\":\"https:\/\/secure.gravatar.com\/avatar\/879126d261bf2f512d35f7d6f9a3f8b134d83a2f515ace943d072f7b69822a1d?s=96&d=mm&r=g\",\"caption\":\"Micha\u00ebl Bill\"},\"url\":\"https:\/\/garageduvernay.ch\/newsite\/author\/michael\/\"}]}<\/script>\n<!-- \/ Yoast SEO plugin. -->","yoast_head_json":{"title":"Service apr\u00e8s-vente Toyota Suisse 2009 - Garage du Vernay","description":"R\u00e9sultat du concours service apr\u00e8s-vente Toyota Suisse 2010, Notre garage se voit attribuer la place no. 7 sur 150 garages.","robots":{"index":"index","follow":"follow","max-snippet":"max-snippet:-1","max-image-preview":"max-image-preview:large","max-video-preview":"max-video-preview:-1"},"canonical":"https:\/\/garageduvernay.ch\/newsite\/service-apres-vente-toyota-suisse-2009\/","og_locale":"fr_FR","og_type":"article","og_title":"Service apr\u00e8s-vente Toyota Suisse 2009 - Garage du Vernay","og_description":"R\u00e9sultat du concours service apr\u00e8s-vente Toyota Suisse 2010, Notre garage se voit attribuer la place no. 7 sur 150 garages.","og_url":"https:\/\/garageduvernay.ch\/newsite\/service-apres-vente-toyota-suisse-2009\/","og_site_name":"Garage du Vernay","article_published_time":"2010-01-16T14:38:22+00:00","article_modified_time":"2016-04-11T15:45:44+00:00","og_image":[{"width":1052,"height":1024,"url":"https:\/\/garageduvernay.ch\/newsite\/wp-content\/uploads\/2015\/02\/news-03.jpg","type":"image\/jpeg"}],"author":"Micha\u00ebl Bill","twitter_card":"summary_large_image","twitter_misc":{"\u00c9crit par":"Micha\u00ebl Bill"},"schema":{"@context":"https:\/\/schema.org","@graph":[{"@type":"Article","@id":"https:\/\/garageduvernay.ch\/newsite\/service-apres-vente-toyota-suisse-2009\/#article","isPartOf":{"@id":"https:\/\/garageduvernay.ch\/newsite\/service-apres-vente-toyota-suisse-2009\/"},"author":{"name":"Micha\u00ebl Bill","@id":"https:\/\/garageduvernay.ch\/newsite\/#\/schema\/person\/51680d5e83b7d45abc788e4e12ed97d1"},"headline":"Service apr\u00e8s-vente Toyota Suisse 2009","datePublished":"2010-01-16T14:38:22+00:00","dateModified":"2016-04-11T15:45:44+00:00","mainEntityOfPage":{"@id":"https:\/\/garageduvernay.ch\/newsite\/service-apres-vente-toyota-suisse-2009\/"},"wordCount":29,"publisher":{"@id":"https:\/\/garageduvernay.ch\/newsite\/#organization"},"image":{"@id":"https:\/\/garageduvernay.ch\/newsite\/service-apres-vente-toyota-suisse-2009\/#primaryimage"},"thumbnailUrl":"https:\/\/garageduvernay.ch\/newsite\/wp-content\/uploads\/2015\/02\/news-03.jpg","keywords":["champion suisse","service apr\u00e8s-vente","Service apr\u00e8s-vente Toyota Suisse 2009","service Toyota"],"articleSection":["Services"],"inLanguage":"fr-FR"},{"@type":"WebPage","@id":"https:\/\/garageduvernay.ch\/newsite\/service-apres-vente-toyota-suisse-2009\/","url":"https:\/\/garageduvernay.ch\/newsite\/service-apres-vente-toyota-suisse-2009\/","name":"Service apr\u00e8s-vente Toyota Suisse 2009 - Garage du Vernay","isPartOf":{"@id":"https:\/\/garageduvernay.ch\/newsite\/#website"},"primaryImageOfPage":{"@id":"https:\/\/garageduvernay.ch\/newsite\/service-apres-vente-toyota-suisse-2009\/#primaryimage"},"image":{"@id":"https:\/\/garageduvernay.ch\/newsite\/service-apres-vente-toyota-suisse-2009\/#primaryimage"},"thumbnailUrl":"https:\/\/garageduvernay.ch\/newsite\/wp-content\/uploads\/2015\/02\/news-03.jpg","datePublished":"2010-01-16T14:38:22+00:00","dateModified":"2016-04-11T15:45:44+00:00","description":"R\u00e9sultat du concours service apr\u00e8s-vente Toyota Suisse 2010, Notre garage se voit attribuer la place no. 7 sur 150 garages.","breadcrumb":{"@id":"https:\/\/garageduvernay.ch\/newsite\/service-apres-vente-toyota-suisse-2009\/#breadcrumb"},"inLanguage":"fr-FR","potentialAction":[{"@type":"ReadAction","target":["https:\/\/garageduvernay.ch\/newsite\/service-apres-vente-toyota-suisse-2009\/"]}]},{"@type":"ImageObject","inLanguage":"fr-FR","@id":"https:\/\/garageduvernay.ch\/newsite\/service-apres-vente-toyota-suisse-2009\/#primaryimage","url":"https:\/\/garageduvernay.ch\/newsite\/wp-content\/uploads\/2015\/02\/news-03.jpg","contentUrl":"https:\/\/garageduvernay.ch\/newsite\/wp-content\/uploads\/2015\/02\/news-03.jpg","width":1052,"height":1024},{"@type":"BreadcrumbList","@id":"https:\/\/garageduvernay.ch\/newsite\/service-apres-vente-toyota-suisse-2009\/#breadcrumb","itemListElement":[{"@type":"ListItem","position":1,"name":"Accueil","item":"https:\/\/garageduvernay.ch\/newsite\/"},{"@type":"ListItem","position":2,"name":"Service apr\u00e8s-vente Toyota Suisse 2009"}]},{"@type":"WebSite","@id":"https:\/\/garageduvernay.ch\/newsite\/#website","url":"https:\/\/garageduvernay.ch\/newsite\/","name":"Garage du Vernay","description":"Votre Concessionnaire Toyota et Mitsubishi","publisher":{"@id":"https:\/\/garageduvernay.ch\/newsite\/#organization"},"alternateName":"Garage du Vernay","potentialAction":[{"@type":"SearchAction","target":{"@type":"EntryPoint","urlTemplate":"https:\/\/garageduvernay.ch\/newsite\/?s={search_term_string}"},"query-input":{"@type":"PropertyValueSpecification","valueRequired":true,"valueName":"search_term_string"}}],"inLanguage":"fr-FR"},{"@type":"Organization","@id":"https:\/\/garageduvernay.ch\/newsite\/#organization","name":"Garage du Vernay","alternateName":"Garage du Vernay","url":"https:\/\/garageduvernay.ch\/newsite\/","logo":{"@type":"ImageObject","inLanguage":"fr-FR","@id":"https:\/\/garageduvernay.ch\/newsite\/#\/schema\/logo\/image\/","url":"https:\/\/garageduvernay.ch\/newsite\/wp-content\/uploads\/2024\/04\/Logo-jdf-Final-2021-696x696-1.jpg","contentUrl":"https:\/\/garageduvernay.ch\/newsite\/wp-content\/uploads\/2024\/04\/Logo-jdf-Final-2021-696x696-1.jpg","width":696,"height":696,"caption":"Garage du Vernay"},"image":{"@id":"https:\/\/garageduvernay.ch\/newsite\/#\/schema\/logo\/image\/"}},{"@type":"Person","@id":"https:\/\/garageduvernay.ch\/newsite\/#\/schema\/person\/51680d5e83b7d45abc788e4e12ed97d1","name":"Micha\u00ebl Bill","image":{"@type":"ImageObject","inLanguage":"fr-FR","@id":"https:\/\/garageduvernay.ch\/newsite\/#\/schema\/person\/image\/","url":"https:\/\/secure.gravatar.com\/avatar\/879126d261bf2f512d35f7d6f9a3f8b134d83a2f515ace943d072f7b69822a1d?s=96&d=mm&r=g","contentUrl":"https:\/\/secure.gravatar.com\/avatar\/879126d261bf2f512d35f7d6f9a3f8b134d83a2f515ace943d072f7b69822a1d?s=96&d=mm&r=g","caption":"Micha\u00ebl Bill"},"url":"https:\/\/garageduvernay.ch\/newsite\/author\/michael\/"}]}},"_links":{"self":[{"href":"https:\/\/garageduvernay.ch\/newsite\/wp-json\/wp\/v2\/posts\/283","targetHints":{"allow":["GET"]}}],"collection":[{"href":"https:\/\/garageduvernay.ch\/newsite\/wp-json\/wp\/v2\/posts"}],"about":[{"href":"https:\/\/garageduvernay.ch\/newsite\/wp-json\/wp\/v2\/types\/post"}],"author":[{"embeddable":true,"href":"https:\/\/garageduvernay.ch\/newsite\/wp-json\/wp\/v2\/users\/2"}],"replies":[{"embeddable":true,"href":"https:\/\/garageduvernay.ch\/newsite\/wp-json\/wp\/v2\/comments?post=283"}],"version-history":[{"count":2,"href":"https:\/\/garageduvernay.ch\/newsite\/wp-json\/wp\/v2\/posts\/283\/revisions"}],"predecessor-version":[{"id":16515,"href":"https:\/\/garageduvernay.ch\/newsite\/wp-json\/wp\/v2\/posts\/283\/revisions\/16515"}],"wp:featuredmedia":[{"embeddable":true,"href":"https:\/\/garageduvernay.ch\/newsite\/wp-json\/wp\/v2\/media\/16495"}],"wp:attachment":[{"href":"https:\/\/garageduvernay.ch\/newsite\/wp-json\/wp\/v2\/media?parent=283"}],"wp:term":[{"taxonomy":"category","embeddable":true,"href":"https:\/\/garageduvernay.ch\/newsite\/wp-json\/wp\/v2\/categories?post=283"},{"taxonomy":"post_tag","embeddable":true,"href":"https:\/\/garageduvernay.ch\/newsite\/wp-json\/wp\/v2\/tags?post=283"}],"curies":[{"name":"wp","href":"https:\/\/api.w.org\/{rel}","templated":true}]}}