{"id":19420,"date":"2023-09-28T14:22:15","date_gmt":"2023-09-28T12:22:15","guid":{"rendered":"https:\/\/garageduvernay.ch\/newsite\/?p=19420"},"modified":"2025-06-10T14:22:28","modified_gmt":"2025-06-10T12:22:28","slug":"lenergie-solaire-en-suisse-romande-un-pas-vers-un-avenir-plus-vert","status":"publish","type":"post","link":"https:\/\/garageduvernay.ch\/newsite\/lenergie-solaire-en-suisse-romande-un-pas-vers-un-avenir-plus-vert\/","title":{"rendered":"L&rsquo;\u00e9nergie solaire en Suisse Romande : Un pas vers un avenir plus vert &#x1f31e;&#x1f331;"},"content":{"rendered":"<div class=\"wpb-content-wrapper\"><p>[vc_row css_animation=\u00a0\u00bb\u00a0\u00bb row_type=\u00a0\u00bbrow\u00a0\u00bb use_row_as_full_screen_section=\u00a0\u00bbno\u00a0\u00bb type=\u00a0\u00bbfull_width\u00a0\u00bb angled_section=\u00a0\u00bbno\u00a0\u00bb text_align=\u00a0\u00bbleft\u00a0\u00bb background_image_as_pattern=\u00a0\u00bbwithout_pattern\u00a0\u00bb][vc_column][vc_column_text]La Suisse Romande, avec ses paysages pittoresques et ses montagnes majestueuses, est non seulement un joyau naturel mais aussi un pionnier en mati\u00e8re d&rsquo;\u00e9cologie. Depuis quelques ann\u00e9es, la r\u00e9gion a vu une augmentation significative des installations solaires, et ce n&rsquo;est pas un hasard.<\/p>\n<h3><\/h3>\n<h3><strong>1. Un engagement pour la plan\u00e8te &#x1f30d;<\/strong><\/h3>\n<p>L&rsquo;adoption de l&rsquo;\u00e9nergie solaire est bien plus qu&rsquo;un simple choix \u00e9conomique. C&rsquo;est un engagement envers notre plan\u00e8te, une promesse de r\u00e9duire notre empreinte carbone et de pr\u00e9server la beaut\u00e9 naturelle de la Suisse Romande pour les g\u00e9n\u00e9rations futures.<\/p>\n<h3><\/h3>\n<h3><strong>2. \u00c9conomies et rentabilit\u00e9 &#x1f4b0;<\/strong><\/h3>\n<p>Au-del\u00e0 de l&rsquo;aspect \u00e9cologique, l&rsquo;\u00e9nergie solaire est \u00e9galement une solution \u00e9conomiquement viable. Avec les avanc\u00e9es technologiques, le co\u00fbt des installations solaires a consid\u00e9rablement diminu\u00e9, rendant l&rsquo;investissement initial rapidement rentable gr\u00e2ce aux \u00e9conomies r\u00e9alis\u00e9es sur les factures d&rsquo;\u00e9lectricit\u00e9.<\/p>\n<h3><\/h3>\n<h3><strong>3. La norme ISO 14001 : Un gage de qualit\u00e9 et d&rsquo;engagement &#x1f33f;<\/strong><\/h3>\n<p>Depuis janvier 2023, nous sommes fiers d&rsquo;\u00eatre certifi\u00e9s selon la norme ISO 14001. Cette certification t\u00e9moigne de notre engagement envers l&rsquo;environnement et garantit que nos installations solaires respectent les normes \u00e9cologiques les plus strictes.<\/p>\n<h3><\/h3>\n<h3><strong>4. L&rsquo;autonomie \u00e9nerg\u00e9tique : Un r\u00eave devenu r\u00e9alit\u00e9 &#x1f50b;<\/strong><\/h3>\n<p>L&rsquo;\u00e9nergie solaire offre la possibilit\u00e9 de devenir autonome sur le plan \u00e9nerg\u00e9tique. En produisant votre propre \u00e9lectricit\u00e9, vous contribuez non seulement \u00e0 r\u00e9duire la d\u00e9pendance aux combustibles fossiles, mais vous assurez \u00e9galement une source d&rsquo;\u00e9nergie constante et renouvelable.<\/p>\n<h3><\/h3>\n<h3><strong>5. Un message fort pour les g\u00e9n\u00e9rations futures &#x1f476;&#x1f333;<\/strong><\/h3>\n<p>En optant pour l&rsquo;\u00e9nergie solaire, nous envoyons un message fort \u00e0 nos enfants : nous sommes responsables de notre avenir et nous sommes pr\u00eats \u00e0 prendre les mesures n\u00e9cessaires pour assurer un monde plus vert et plus propre.<\/p>\n<p>&nbsp;<\/p>\n<p><strong>En conclusion,<\/strong> l&rsquo;\u00e9nergie solaire en Suisse Romande n&rsquo;est pas seulement une tendance, c&rsquo;est une n\u00e9cessit\u00e9. C&rsquo;est un appel \u00e0 l&rsquo;action pour tous ceux qui souhaitent jouer un r\u00f4le actif dans la protection de notre environnement et la cr\u00e9ation d&rsquo;un avenir durable.<\/p>\n<p>Rejoignez-nous dans cette aventure verte et faisons de la Suisse Romande un exemple \u00e0 suivre en mati\u00e8re d&rsquo;\u00e9nergie renouvelable ![\/vc_column_text][vc_separator type=\u00a0\u00bbtransparent\u00a0\u00bb up=\u00a0\u00bb20&Prime; down=\u00a0\u00bb20&Prime;][\/vc_column][\/vc_row]<\/p>\n<\/div>","protected":false},"excerpt":{"rendered":"<p>La Suisse Romande, avec ses paysages pittoresques et ses montagnes majestueuses, est non seulement un joyau naturel mais aussi un pionnier en mati\u00e8re d&rsquo;\u00e9cologie.<\/p>\n","protected":false},"author":2,"featured_media":19422,"comment_status":"closed","ping_status":"open","sticky":false,"template":"","format":"standard","meta":{"footnotes":""},"categories":[133],"tags":[262,264,263],"class_list":["post-19420","post","type-post","status-publish","format-standard","has-post-thumbnail","hentry","category-nouveautes","tag-ecologie","tag-energie","tag-solaire"],"yoast_head":"<!-- This site is optimized with the Yoast SEO plugin v26.3 - https:\/\/yoast.com\/wordpress\/plugins\/seo\/ -->\n<title>L&#039;\u00e9nergie solaire en Suisse Romande : Un pas vers un avenir plus vert &#x1f31e;&#x1f331;<\/title>\n<meta name=\"description\" content=\"Chers automobilistes, la saison froide est souvent synonyme de routes glissantes et de conditions de conduite impr\u00e9visibles.\" \/>\n<meta name=\"robots\" content=\"index, follow, max-snippet:-1, max-image-preview:large, max-video-preview:-1\" \/>\n<link rel=\"canonical\" href=\"https:\/\/garageduvernay.ch\/newsite\/lenergie-solaire-en-suisse-romande-un-pas-vers-un-avenir-plus-vert\/\" \/>\n<meta property=\"og:locale\" content=\"fr_FR\" \/>\n<meta property=\"og:type\" content=\"article\" \/>\n<meta property=\"og:title\" content=\"L&#039;\u00e9nergie solaire en Suisse Romande : Un pas vers un avenir plus vert &#x1f31e;&#x1f331;\" \/>\n<meta property=\"og:description\" content=\"Chers automobilistes, la saison froide est souvent synonyme de routes glissantes et de conditions de conduite impr\u00e9visibles.\" \/>\n<meta property=\"og:url\" content=\"https:\/\/garageduvernay.ch\/newsite\/lenergie-solaire-en-suisse-romande-un-pas-vers-un-avenir-plus-vert\/\" \/>\n<meta property=\"og:site_name\" content=\"Garage du Vernay\" \/>\n<meta property=\"article:published_time\" content=\"2023-09-28T12:22:15+00:00\" \/>\n<meta property=\"article:modified_time\" content=\"2025-06-10T12:22:28+00:00\" \/>\n<meta property=\"og:image\" content=\"https:\/\/garageduvernay.ch\/newsite\/wp-content\/uploads\/2023\/09\/Energie-solaire-garage-du-vernay.jpg\" \/>\n\t<meta property=\"og:image:width\" content=\"1920\" \/>\n\t<meta property=\"og:image:height\" content=\"1280\" \/>\n\t<meta property=\"og:image:type\" content=\"image\/jpeg\" \/>\n<meta name=\"author\" content=\"Micha\u00ebl Bill\" \/>\n<meta name=\"twitter:card\" content=\"summary_large_image\" \/>\n<meta name=\"twitter:label1\" content=\"\u00c9crit par\" \/>\n\t<meta name=\"twitter:data1\" content=\"Micha\u00ebl Bill\" \/>\n\t<meta name=\"twitter:label2\" content=\"Dur\u00e9e de lecture estim\u00e9e\" \/>\n\t<meta name=\"twitter:data2\" content=\"2 minutes\" \/>\n<script type=\"application\/ld+json\" class=\"yoast-schema-graph\">{\"@context\":\"https:\/\/schema.org\",\"@graph\":[{\"@type\":\"Article\",\"@id\":\"https:\/\/garageduvernay.ch\/newsite\/lenergie-solaire-en-suisse-romande-un-pas-vers-un-avenir-plus-vert\/#article\",\"isPartOf\":{\"@id\":\"https:\/\/garageduvernay.ch\/newsite\/lenergie-solaire-en-suisse-romande-un-pas-vers-un-avenir-plus-vert\/\"},\"author\":{\"name\":\"Micha\u00ebl Bill\",\"@id\":\"https:\/\/garageduvernay.ch\/newsite\/#\/schema\/person\/51680d5e83b7d45abc788e4e12ed97d1\"},\"headline\":\"L&rsquo;\u00e9nergie solaire en Suisse Romande : Un pas vers un avenir plus vert &#x1f31e;&#x1f331;\",\"datePublished\":\"2023-09-28T12:22:15+00:00\",\"dateModified\":\"2025-06-10T12:22:28+00:00\",\"mainEntityOfPage\":{\"@id\":\"https:\/\/garageduvernay.ch\/newsite\/lenergie-solaire-en-suisse-romande-un-pas-vers-un-avenir-plus-vert\/\"},\"wordCount\":447,\"publisher\":{\"@id\":\"https:\/\/garageduvernay.ch\/newsite\/#organization\"},\"image\":{\"@id\":\"https:\/\/garageduvernay.ch\/newsite\/lenergie-solaire-en-suisse-romande-un-pas-vers-un-avenir-plus-vert\/#primaryimage\"},\"thumbnailUrl\":\"https:\/\/garageduvernay.ch\/newsite\/wp-content\/uploads\/2023\/09\/Energie-solaire-garage-du-vernay.jpg\",\"keywords\":[\"\u00e9cologie\",\"\u00e9nergie\",\"solaire\"],\"articleSection\":[\"Nouveaut\u00e9s\"],\"inLanguage\":\"fr-FR\"},{\"@type\":\"WebPage\",\"@id\":\"https:\/\/garageduvernay.ch\/newsite\/lenergie-solaire-en-suisse-romande-un-pas-vers-un-avenir-plus-vert\/\",\"url\":\"https:\/\/garageduvernay.ch\/newsite\/lenergie-solaire-en-suisse-romande-un-pas-vers-un-avenir-plus-vert\/\",\"name\":\"L'\u00e9nergie solaire en Suisse Romande : Un pas vers un avenir plus vert &#x1f31e;&#x1f331;\",\"isPartOf\":{\"@id\":\"https:\/\/garageduvernay.ch\/newsite\/#website\"},\"primaryImageOfPage\":{\"@id\":\"https:\/\/garageduvernay.ch\/newsite\/lenergie-solaire-en-suisse-romande-un-pas-vers-un-avenir-plus-vert\/#primaryimage\"},\"image\":{\"@id\":\"https:\/\/garageduvernay.ch\/newsite\/lenergie-solaire-en-suisse-romande-un-pas-vers-un-avenir-plus-vert\/#primaryimage\"},\"thumbnailUrl\":\"https:\/\/garageduvernay.ch\/newsite\/wp-content\/uploads\/2023\/09\/Energie-solaire-garage-du-vernay.jpg\",\"datePublished\":\"2023-09-28T12:22:15+00:00\",\"dateModified\":\"2025-06-10T12:22:28+00:00\",\"description\":\"Chers automobilistes, la saison froide est souvent synonyme de routes glissantes et de conditions de conduite impr\u00e9visibles.\",\"breadcrumb\":{\"@id\":\"https:\/\/garageduvernay.ch\/newsite\/lenergie-solaire-en-suisse-romande-un-pas-vers-un-avenir-plus-vert\/#breadcrumb\"},\"inLanguage\":\"fr-FR\",\"potentialAction\":[{\"@type\":\"ReadAction\",\"target\":[\"https:\/\/garageduvernay.ch\/newsite\/lenergie-solaire-en-suisse-romande-un-pas-vers-un-avenir-plus-vert\/\"]}]},{\"@type\":\"ImageObject\",\"inLanguage\":\"fr-FR\",\"@id\":\"https:\/\/garageduvernay.ch\/newsite\/lenergie-solaire-en-suisse-romande-un-pas-vers-un-avenir-plus-vert\/#primaryimage\",\"url\":\"https:\/\/garageduvernay.ch\/newsite\/wp-content\/uploads\/2023\/09\/Energie-solaire-garage-du-vernay.jpg\",\"contentUrl\":\"https:\/\/garageduvernay.ch\/newsite\/wp-content\/uploads\/2023\/09\/Energie-solaire-garage-du-vernay.jpg\",\"width\":1920,\"height\":1280,\"caption\":\"Energie solaire\"},{\"@type\":\"BreadcrumbList\",\"@id\":\"https:\/\/garageduvernay.ch\/newsite\/lenergie-solaire-en-suisse-romande-un-pas-vers-un-avenir-plus-vert\/#breadcrumb\",\"itemListElement\":[{\"@type\":\"ListItem\",\"position\":1,\"name\":\"Accueil\",\"item\":\"https:\/\/garageduvernay.ch\/newsite\/\"},{\"@type\":\"ListItem\",\"position\":2,\"name\":\"L&rsquo;\u00e9nergie solaire en Suisse Romande : Un pas vers un avenir plus vert &#x1f31e;&#x1f331;\"}]},{\"@type\":\"WebSite\",\"@id\":\"https:\/\/garageduvernay.ch\/newsite\/#website\",\"url\":\"https:\/\/garageduvernay.ch\/newsite\/\",\"name\":\"Garage du Vernay\",\"description\":\"Votre Concessionnaire Toyota et Mitsubishi\",\"publisher\":{\"@id\":\"https:\/\/garageduvernay.ch\/newsite\/#organization\"},\"alternateName\":\"Garage du Vernay\",\"potentialAction\":[{\"@type\":\"SearchAction\",\"target\":{\"@type\":\"EntryPoint\",\"urlTemplate\":\"https:\/\/garageduvernay.ch\/newsite\/?s={search_term_string}\"},\"query-input\":{\"@type\":\"PropertyValueSpecification\",\"valueRequired\":true,\"valueName\":\"search_term_string\"}}],\"inLanguage\":\"fr-FR\"},{\"@type\":\"Organization\",\"@id\":\"https:\/\/garageduvernay.ch\/newsite\/#organization\",\"name\":\"Garage du Vernay\",\"alternateName\":\"Garage du Vernay\",\"url\":\"https:\/\/garageduvernay.ch\/newsite\/\",\"logo\":{\"@type\":\"ImageObject\",\"inLanguage\":\"fr-FR\",\"@id\":\"https:\/\/garageduvernay.ch\/newsite\/#\/schema\/logo\/image\/\",\"url\":\"https:\/\/garageduvernay.ch\/newsite\/wp-content\/uploads\/2024\/04\/Logo-jdf-Final-2021-696x696-1.jpg\",\"contentUrl\":\"https:\/\/garageduvernay.ch\/newsite\/wp-content\/uploads\/2024\/04\/Logo-jdf-Final-2021-696x696-1.jpg\",\"width\":696,\"height\":696,\"caption\":\"Garage du Vernay\"},\"image\":{\"@id\":\"https:\/\/garageduvernay.ch\/newsite\/#\/schema\/logo\/image\/\"}},{\"@type\":\"Person\",\"@id\":\"https:\/\/garageduvernay.ch\/newsite\/#\/schema\/person\/51680d5e83b7d45abc788e4e12ed97d1\",\"name\":\"Micha\u00ebl Bill\",\"image\":{\"@type\":\"ImageObject\",\"inLanguage\":\"fr-FR\",\"@id\":\"https:\/\/garageduvernay.ch\/newsite\/#\/schema\/person\/image\/\",\"url\":\"https:\/\/secure.gravatar.com\/avatar\/879126d261bf2f512d35f7d6f9a3f8b134d83a2f515ace943d072f7b69822a1d?s=96&d=mm&r=g\",\"contentUrl\":\"https:\/\/secure.gravatar.com\/avatar\/879126d261bf2f512d35f7d6f9a3f8b134d83a2f515ace943d072f7b69822a1d?s=96&d=mm&r=g\",\"caption\":\"Micha\u00ebl Bill\"},\"url\":\"https:\/\/garageduvernay.ch\/newsite\/author\/michael\/\"}]}<\/script>\n<!-- \/ Yoast SEO plugin. -->","yoast_head_json":{"title":"L'\u00e9nergie solaire en Suisse Romande : Un pas vers un avenir plus vert &#x1f31e;&#x1f331;","description":"Chers automobilistes, la saison froide est souvent synonyme de routes glissantes et de conditions de conduite impr\u00e9visibles.","robots":{"index":"index","follow":"follow","max-snippet":"max-snippet:-1","max-image-preview":"max-image-preview:large","max-video-preview":"max-video-preview:-1"},"canonical":"https:\/\/garageduvernay.ch\/newsite\/lenergie-solaire-en-suisse-romande-un-pas-vers-un-avenir-plus-vert\/","og_locale":"fr_FR","og_type":"article","og_title":"L'\u00e9nergie solaire en Suisse Romande : Un pas vers un avenir plus vert &#x1f31e;&#x1f331;","og_description":"Chers automobilistes, la saison froide est souvent synonyme de routes glissantes et de conditions de conduite impr\u00e9visibles.","og_url":"https:\/\/garageduvernay.ch\/newsite\/lenergie-solaire-en-suisse-romande-un-pas-vers-un-avenir-plus-vert\/","og_site_name":"Garage du Vernay","article_published_time":"2023-09-28T12:22:15+00:00","article_modified_time":"2025-06-10T12:22:28+00:00","og_image":[{"width":1920,"height":1280,"url":"https:\/\/garageduvernay.ch\/newsite\/wp-content\/uploads\/2023\/09\/Energie-solaire-garage-du-vernay.jpg","type":"image\/jpeg"}],"author":"Micha\u00ebl Bill","twitter_card":"summary_large_image","twitter_misc":{"\u00c9crit par":"Micha\u00ebl Bill","Dur\u00e9e de lecture estim\u00e9e":"2 minutes"},"schema":{"@context":"https:\/\/schema.org","@graph":[{"@type":"Article","@id":"https:\/\/garageduvernay.ch\/newsite\/lenergie-solaire-en-suisse-romande-un-pas-vers-un-avenir-plus-vert\/#article","isPartOf":{"@id":"https:\/\/garageduvernay.ch\/newsite\/lenergie-solaire-en-suisse-romande-un-pas-vers-un-avenir-plus-vert\/"},"author":{"name":"Micha\u00ebl Bill","@id":"https:\/\/garageduvernay.ch\/newsite\/#\/schema\/person\/51680d5e83b7d45abc788e4e12ed97d1"},"headline":"L&rsquo;\u00e9nergie solaire en Suisse Romande : Un pas vers un avenir plus vert &#x1f31e;&#x1f331;","datePublished":"2023-09-28T12:22:15+00:00","dateModified":"2025-06-10T12:22:28+00:00","mainEntityOfPage":{"@id":"https:\/\/garageduvernay.ch\/newsite\/lenergie-solaire-en-suisse-romande-un-pas-vers-un-avenir-plus-vert\/"},"wordCount":447,"publisher":{"@id":"https:\/\/garageduvernay.ch\/newsite\/#organization"},"image":{"@id":"https:\/\/garageduvernay.ch\/newsite\/lenergie-solaire-en-suisse-romande-un-pas-vers-un-avenir-plus-vert\/#primaryimage"},"thumbnailUrl":"https:\/\/garageduvernay.ch\/newsite\/wp-content\/uploads\/2023\/09\/Energie-solaire-garage-du-vernay.jpg","keywords":["\u00e9cologie","\u00e9nergie","solaire"],"articleSection":["Nouveaut\u00e9s"],"inLanguage":"fr-FR"},{"@type":"WebPage","@id":"https:\/\/garageduvernay.ch\/newsite\/lenergie-solaire-en-suisse-romande-un-pas-vers-un-avenir-plus-vert\/","url":"https:\/\/garageduvernay.ch\/newsite\/lenergie-solaire-en-suisse-romande-un-pas-vers-un-avenir-plus-vert\/","name":"L'\u00e9nergie solaire en Suisse Romande : Un pas vers un avenir plus vert &#x1f31e;&#x1f331;","isPartOf":{"@id":"https:\/\/garageduvernay.ch\/newsite\/#website"},"primaryImageOfPage":{"@id":"https:\/\/garageduvernay.ch\/newsite\/lenergie-solaire-en-suisse-romande-un-pas-vers-un-avenir-plus-vert\/#primaryimage"},"image":{"@id":"https:\/\/garageduvernay.ch\/newsite\/lenergie-solaire-en-suisse-romande-un-pas-vers-un-avenir-plus-vert\/#primaryimage"},"thumbnailUrl":"https:\/\/garageduvernay.ch\/newsite\/wp-content\/uploads\/2023\/09\/Energie-solaire-garage-du-vernay.jpg","datePublished":"2023-09-28T12:22:15+00:00","dateModified":"2025-06-10T12:22:28+00:00","description":"Chers automobilistes, la saison froide est souvent synonyme de routes glissantes et de conditions de conduite impr\u00e9visibles.","breadcrumb":{"@id":"https:\/\/garageduvernay.ch\/newsite\/lenergie-solaire-en-suisse-romande-un-pas-vers-un-avenir-plus-vert\/#breadcrumb"},"inLanguage":"fr-FR","potentialAction":[{"@type":"ReadAction","target":["https:\/\/garageduvernay.ch\/newsite\/lenergie-solaire-en-suisse-romande-un-pas-vers-un-avenir-plus-vert\/"]}]},{"@type":"ImageObject","inLanguage":"fr-FR","@id":"https:\/\/garageduvernay.ch\/newsite\/lenergie-solaire-en-suisse-romande-un-pas-vers-un-avenir-plus-vert\/#primaryimage","url":"https:\/\/garageduvernay.ch\/newsite\/wp-content\/uploads\/2023\/09\/Energie-solaire-garage-du-vernay.jpg","contentUrl":"https:\/\/garageduvernay.ch\/newsite\/wp-content\/uploads\/2023\/09\/Energie-solaire-garage-du-vernay.jpg","width":1920,"height":1280,"caption":"Energie solaire"},{"@type":"BreadcrumbList","@id":"https:\/\/garageduvernay.ch\/newsite\/lenergie-solaire-en-suisse-romande-un-pas-vers-un-avenir-plus-vert\/#breadcrumb","itemListElement":[{"@type":"ListItem","position":1,"name":"Accueil","item":"https:\/\/garageduvernay.ch\/newsite\/"},{"@type":"ListItem","position":2,"name":"L&rsquo;\u00e9nergie solaire en Suisse Romande : Un pas vers un avenir plus vert &#x1f31e;&#x1f331;"}]},{"@type":"WebSite","@id":"https:\/\/garageduvernay.ch\/newsite\/#website","url":"https:\/\/garageduvernay.ch\/newsite\/","name":"Garage du Vernay","description":"Votre Concessionnaire Toyota et Mitsubishi","publisher":{"@id":"https:\/\/garageduvernay.ch\/newsite\/#organization"},"alternateName":"Garage du Vernay","potentialAction":[{"@type":"SearchAction","target":{"@type":"EntryPoint","urlTemplate":"https:\/\/garageduvernay.ch\/newsite\/?s={search_term_string}"},"query-input":{"@type":"PropertyValueSpecification","valueRequired":true,"valueName":"search_term_string"}}],"inLanguage":"fr-FR"},{"@type":"Organization","@id":"https:\/\/garageduvernay.ch\/newsite\/#organization","name":"Garage du Vernay","alternateName":"Garage du Vernay","url":"https:\/\/garageduvernay.ch\/newsite\/","logo":{"@type":"ImageObject","inLanguage":"fr-FR","@id":"https:\/\/garageduvernay.ch\/newsite\/#\/schema\/logo\/image\/","url":"https:\/\/garageduvernay.ch\/newsite\/wp-content\/uploads\/2024\/04\/Logo-jdf-Final-2021-696x696-1.jpg","contentUrl":"https:\/\/garageduvernay.ch\/newsite\/wp-content\/uploads\/2024\/04\/Logo-jdf-Final-2021-696x696-1.jpg","width":696,"height":696,"caption":"Garage du Vernay"},"image":{"@id":"https:\/\/garageduvernay.ch\/newsite\/#\/schema\/logo\/image\/"}},{"@type":"Person","@id":"https:\/\/garageduvernay.ch\/newsite\/#\/schema\/person\/51680d5e83b7d45abc788e4e12ed97d1","name":"Micha\u00ebl Bill","image":{"@type":"ImageObject","inLanguage":"fr-FR","@id":"https:\/\/garageduvernay.ch\/newsite\/#\/schema\/person\/image\/","url":"https:\/\/secure.gravatar.com\/avatar\/879126d261bf2f512d35f7d6f9a3f8b134d83a2f515ace943d072f7b69822a1d?s=96&d=mm&r=g","contentUrl":"https:\/\/secure.gravatar.com\/avatar\/879126d261bf2f512d35f7d6f9a3f8b134d83a2f515ace943d072f7b69822a1d?s=96&d=mm&r=g","caption":"Micha\u00ebl Bill"},"url":"https:\/\/garageduvernay.ch\/newsite\/author\/michael\/"}]}},"_links":{"self":[{"href":"https:\/\/garageduvernay.ch\/newsite\/wp-json\/wp\/v2\/posts\/19420","targetHints":{"allow":["GET"]}}],"collection":[{"href":"https:\/\/garageduvernay.ch\/newsite\/wp-json\/wp\/v2\/posts"}],"about":[{"href":"https:\/\/garageduvernay.ch\/newsite\/wp-json\/wp\/v2\/types\/post"}],"author":[{"embeddable":true,"href":"https:\/\/garageduvernay.ch\/newsite\/wp-json\/wp\/v2\/users\/2"}],"replies":[{"embeddable":true,"href":"https:\/\/garageduvernay.ch\/newsite\/wp-json\/wp\/v2\/comments?post=19420"}],"version-history":[{"count":3,"href":"https:\/\/garageduvernay.ch\/newsite\/wp-json\/wp\/v2\/posts\/19420\/revisions"}],"predecessor-version":[{"id":19424,"href":"https:\/\/garageduvernay.ch\/newsite\/wp-json\/wp\/v2\/posts\/19420\/revisions\/19424"}],"wp:featuredmedia":[{"embeddable":true,"href":"https:\/\/garageduvernay.ch\/newsite\/wp-json\/wp\/v2\/media\/19422"}],"wp:attachment":[{"href":"https:\/\/garageduvernay.ch\/newsite\/wp-json\/wp\/v2\/media?parent=19420"}],"wp:term":[{"taxonomy":"category","embeddable":true,"href":"https:\/\/garageduvernay.ch\/newsite\/wp-json\/wp\/v2\/categories?post=19420"},{"taxonomy":"post_tag","embeddable":true,"href":"https:\/\/garageduvernay.ch\/newsite\/wp-json\/wp\/v2\/tags?post=19420"}],"curies":[{"name":"wp","href":"https:\/\/api.w.org\/{rel}","templated":true}]}}