{"id":18857,"date":"2022-08-25T08:52:12","date_gmt":"2022-08-25T06:52:12","guid":{"rendered":"https:\/\/garageduvernay.ch\/newsite\/?p=18857"},"modified":"2022-08-25T08:59:59","modified_gmt":"2022-08-25T06:59:59","slug":"agent-officiel-des-scooters-electriques-ugbest-pour-notre-region","status":"publish","type":"post","link":"https:\/\/garageduvernay.ch\/newsite\/agent-officiel-des-scooters-electriques-ugbest-pour-notre-region\/","title":{"rendered":"Agent officiel des scooters \u00e9lectriques UGBEST pour notre r\u00e9gion !"},"content":{"rendered":"<div class=\"wpb-content-wrapper\"><p>[vc_row css_animation=\u00a0\u00bb\u00a0\u00bb row_type=\u00a0\u00bbrow\u00a0\u00bb use_row_as_full_screen_section=\u00a0\u00bbno\u00a0\u00bb type=\u00a0\u00bbfull_width\u00a0\u00bb angled_section=\u00a0\u00bbno\u00a0\u00bb text_align=\u00a0\u00bbleft\u00a0\u00bb background_image_as_pattern=\u00a0\u00bbwithout_pattern\u00a0\u00bb][vc_column][vc_column_text]<\/p>\n<h3>Nous avons le plaisir de vous annoncer que nous sommes l&rsquo;agent officiel pour les scooters \u00e9lectriques UGBEST\u00a0 pour notre r\u00e9gion.<\/h3>\n<p>[\/vc_column_text][vc_separator type=\u00a0\u00bbtransparent\u00a0\u00bb up=\u00a0\u00bb20&Prime;][vc_column_text]<\/p>\n<h4>Les scooters \u00e9lectriques R3 d\u2019UGBEST captivent par leur design frais et moderne, leur bon rapport qualit\u00e9\/prix et leurs moteurs puissants de 3 ou 4KW.<\/h4>\n<p>&nbsp;<\/p>\n<p>Profitez de cette offre car en plus d&rsquo;\u00eatre des scooters \u00e9lectriques d&rsquo;excellent rapport-qualit\u00e9-prix, <strong>La commune de Gland participe \u00e0 20% jusqu\u2019\u00e0 500.-<\/strong>\u00a0maximum sous forme de remboursement \u00e0 l\u2019achat d\u2019un scooter \u00e9lectrique UGBEST (valable jusqu\u2019\u00e0 la fin de l\u2019ann\u00e9e 2022).[\/vc_column_text][vc_separator type=\u00a0\u00bbtransparent\u00a0\u00bb up=\u00a0\u00bb20&Prime;][vc_row_inner row_type=\u00a0\u00bbrow\u00a0\u00bb type=\u00a0\u00bbfull_width\u00a0\u00bb text_align=\u00a0\u00bbleft\u00a0\u00bb css_animation=\u00a0\u00bb\u00a0\u00bb][vc_column_inner width=\u00a0\u00bb2\/3&Prime;]<div class='qode_image_gallery_no_space '>\n            <div class='qode_image_gallery_holder' style=''>\n                <ul ><li >\n                    <div style=\" width:550px;\"><img decoding=\"async\" itemprop=\"image\" src=\"https:\/\/garageduvernay.ch\/newsite\/wp-content\/uploads\/2022\/08\/r3-1-1.jpeg\" alt=\"Scooter UGBEST\" \/><\/div><\/li><li >\n                    <div style=\" width:550px;\"><img decoding=\"async\" itemprop=\"image\" src=\"https:\/\/garageduvernay.ch\/newsite\/wp-content\/uploads\/2022\/08\/r3s-1-2.jpeg\" alt=\"Scooter UGBEST\" \/><\/div><\/li><li >\n                    <div style=\" width:550px;\"><img decoding=\"async\" itemprop=\"image\" src=\"https:\/\/garageduvernay.ch\/newsite\/wp-content\/uploads\/2022\/08\/retro-star-01.jpeg\" alt=\"Scooter UGBEST\" \/><\/div><\/li><li >\n                    <div style=\" width:550px;\"><img decoding=\"async\" itemprop=\"image\" src=\"https:\/\/garageduvernay.ch\/newsite\/wp-content\/uploads\/2022\/08\/retro-star-rouge-01-1.jpeg\" alt=\"Scooter UGBEST\" \/><\/div><\/li><\/ul>\n          <\/div>\n          <div class='controls'>\n              <a class='prev-slide' href='#'><span><i class='fa fa-angle-left'><\/i><\/span><\/a>\n              <a class='next-slide' href='#'><span><i class='fa fa-angle-right'><\/i><\/span><\/a>\n          <\/div>\n      <\/div>[\/vc_column_inner][vc_column_inner width=\u00a0\u00bb1\/3&Prime;][vc_column_text]Depuis 2021, le permis d\u2019\u00e9l\u00e8ve conducteur peut \u00eatre demand\u00e9 pour les petits v\u00e9hicules \u00e0 moteur de la cat\u00e9gorie A1 \u00e0 partir de 15 ans.[\/vc_column_text][vc_separator type=\u00a0\u00bbtransparent\u00a0\u00bb up=\u00a0\u00bb20&Prime;]<a  itemprop=\"url\" href=\"https:\/\/garageduvernay.ch\/newsite\/scooters-electriques-ugbest\/\" target=\"_self\"  class=\"qbutton  default\" style=\"\">Choisissez votre mod\u00e8le<i class=\"qode_icon_font_awesome fa fa-arrow-circle-o-right qode_button_icon_element\"><\/i><\/a>[\/vc_column_inner][\/vc_row_inner][\/vc_column][\/vc_row]<\/p>\n<\/div>","protected":false},"excerpt":{"rendered":"<p>Nous avons le plaisir de vous annoncer que nous sommes l&rsquo;agent officiel pour les scooters \u00e9lectriques UGBEST\u00a0 pour notre r\u00e9gion.<\/p>\n","protected":false},"author":1,"featured_media":18835,"comment_status":"closed","ping_status":"open","sticky":false,"template":"","format":"standard","meta":{"footnotes":""},"categories":[213,133],"tags":[132,256,257],"class_list":["post-18857","post","type-post","status-publish","format-standard","has-post-thumbnail","hentry","category-evenements","category-nouveautes","tag-garage-du-vernay","tag-scooters-electriques","tag-ugbest"],"yoast_head":"<!-- This site is optimized with the Yoast SEO plugin v26.3 - https:\/\/yoast.com\/wordpress\/plugins\/seo\/ -->\n<title>Agent officiel des scooters \u00e9lectriques UGBEST pour notre r\u00e9gion !<\/title>\n<meta name=\"description\" content=\"Les scooters \u00e9lectriques R3 d\u2019UGBEST captivent par leur design frais et moderne, leur bon rapport qualit\u00e9\/prix et leurs moteurs puissants de 3 ou 4KW.\" \/>\n<meta name=\"robots\" content=\"index, follow, max-snippet:-1, max-image-preview:large, max-video-preview:-1\" \/>\n<link rel=\"canonical\" href=\"https:\/\/garageduvernay.ch\/newsite\/agent-officiel-des-scooters-electriques-ugbest-pour-notre-region\/\" \/>\n<meta property=\"og:locale\" content=\"fr_FR\" \/>\n<meta property=\"og:type\" content=\"article\" \/>\n<meta property=\"og:title\" content=\"Agent officiel des scooters \u00e9lectriques UGBEST pour notre r\u00e9gion !\" \/>\n<meta property=\"og:description\" content=\"Les scooters \u00e9lectriques R3 d\u2019UGBEST captivent par leur design frais et moderne, leur bon rapport qualit\u00e9\/prix et leurs moteurs puissants de 3 ou 4KW.\" \/>\n<meta property=\"og:url\" content=\"https:\/\/garageduvernay.ch\/newsite\/agent-officiel-des-scooters-electriques-ugbest-pour-notre-region\/\" \/>\n<meta property=\"og:site_name\" content=\"Garage du Vernay\" \/>\n<meta property=\"article:published_time\" content=\"2022-08-25T06:52:12+00:00\" \/>\n<meta property=\"article:modified_time\" content=\"2022-08-25T06:59:59+00:00\" \/>\n<meta property=\"og:image\" content=\"https:\/\/garageduvernay.ch\/newsite\/wp-content\/uploads\/2022\/08\/Header-R3-01.jpg\" \/>\n\t<meta property=\"og:image:width\" content=\"1600\" \/>\n\t<meta property=\"og:image:height\" content=\"898\" \/>\n\t<meta property=\"og:image:type\" content=\"image\/jpeg\" \/>\n<meta name=\"author\" content=\"davidoff\" \/>\n<meta name=\"twitter:card\" content=\"summary_large_image\" \/>\n<meta name=\"twitter:label1\" content=\"\u00c9crit par\" \/>\n\t<meta name=\"twitter:data1\" content=\"davidoff\" \/>\n\t<meta name=\"twitter:label2\" content=\"Dur\u00e9e de lecture estim\u00e9e\" \/>\n\t<meta name=\"twitter:data2\" content=\"1 minute\" \/>\n<script type=\"application\/ld+json\" class=\"yoast-schema-graph\">{\"@context\":\"https:\/\/schema.org\",\"@graph\":[{\"@type\":\"Article\",\"@id\":\"https:\/\/garageduvernay.ch\/newsite\/agent-officiel-des-scooters-electriques-ugbest-pour-notre-region\/#article\",\"isPartOf\":{\"@id\":\"https:\/\/garageduvernay.ch\/newsite\/agent-officiel-des-scooters-electriques-ugbest-pour-notre-region\/\"},\"author\":{\"name\":\"davidoff\",\"@id\":\"https:\/\/garageduvernay.ch\/newsite\/#\/schema\/person\/cfd2db0a7bed4f10b5c2f7ef23e4d73a\"},\"headline\":\"Agent officiel des scooters \u00e9lectriques UGBEST pour notre r\u00e9gion !\",\"datePublished\":\"2022-08-25T06:52:12+00:00\",\"dateModified\":\"2022-08-25T06:59:59+00:00\",\"mainEntityOfPage\":{\"@id\":\"https:\/\/garageduvernay.ch\/newsite\/agent-officiel-des-scooters-electriques-ugbest-pour-notre-region\/\"},\"wordCount\":248,\"publisher\":{\"@id\":\"https:\/\/garageduvernay.ch\/newsite\/#organization\"},\"image\":{\"@id\":\"https:\/\/garageduvernay.ch\/newsite\/agent-officiel-des-scooters-electriques-ugbest-pour-notre-region\/#primaryimage\"},\"thumbnailUrl\":\"https:\/\/garageduvernay.ch\/newsite\/wp-content\/uploads\/2022\/08\/Header-R3-01.jpg\",\"keywords\":[\"garage du vernay\",\"scooters \u00e9lectriques\",\"UGBEST\"],\"articleSection\":[\"Ev\u00e9nements\",\"Nouveaut\u00e9s\"],\"inLanguage\":\"fr-FR\"},{\"@type\":\"WebPage\",\"@id\":\"https:\/\/garageduvernay.ch\/newsite\/agent-officiel-des-scooters-electriques-ugbest-pour-notre-region\/\",\"url\":\"https:\/\/garageduvernay.ch\/newsite\/agent-officiel-des-scooters-electriques-ugbest-pour-notre-region\/\",\"name\":\"Agent officiel des scooters \u00e9lectriques UGBEST pour notre r\u00e9gion !\",\"isPartOf\":{\"@id\":\"https:\/\/garageduvernay.ch\/newsite\/#website\"},\"primaryImageOfPage\":{\"@id\":\"https:\/\/garageduvernay.ch\/newsite\/agent-officiel-des-scooters-electriques-ugbest-pour-notre-region\/#primaryimage\"},\"image\":{\"@id\":\"https:\/\/garageduvernay.ch\/newsite\/agent-officiel-des-scooters-electriques-ugbest-pour-notre-region\/#primaryimage\"},\"thumbnailUrl\":\"https:\/\/garageduvernay.ch\/newsite\/wp-content\/uploads\/2022\/08\/Header-R3-01.jpg\",\"datePublished\":\"2022-08-25T06:52:12+00:00\",\"dateModified\":\"2022-08-25T06:59:59+00:00\",\"description\":\"Les scooters \u00e9lectriques R3 d\u2019UGBEST captivent par leur design frais et moderne, leur bon rapport qualit\u00e9\/prix et leurs moteurs puissants de 3 ou 4KW.\",\"breadcrumb\":{\"@id\":\"https:\/\/garageduvernay.ch\/newsite\/agent-officiel-des-scooters-electriques-ugbest-pour-notre-region\/#breadcrumb\"},\"inLanguage\":\"fr-FR\",\"potentialAction\":[{\"@type\":\"ReadAction\",\"target\":[\"https:\/\/garageduvernay.ch\/newsite\/agent-officiel-des-scooters-electriques-ugbest-pour-notre-region\/\"]}]},{\"@type\":\"ImageObject\",\"inLanguage\":\"fr-FR\",\"@id\":\"https:\/\/garageduvernay.ch\/newsite\/agent-officiel-des-scooters-electriques-ugbest-pour-notre-region\/#primaryimage\",\"url\":\"https:\/\/garageduvernay.ch\/newsite\/wp-content\/uploads\/2022\/08\/Header-R3-01.jpg\",\"contentUrl\":\"https:\/\/garageduvernay.ch\/newsite\/wp-content\/uploads\/2022\/08\/Header-R3-01.jpg\",\"width\":1600,\"height\":898,\"caption\":\"Scooter UGBEST R3\"},{\"@type\":\"BreadcrumbList\",\"@id\":\"https:\/\/garageduvernay.ch\/newsite\/agent-officiel-des-scooters-electriques-ugbest-pour-notre-region\/#breadcrumb\",\"itemListElement\":[{\"@type\":\"ListItem\",\"position\":1,\"name\":\"Accueil\",\"item\":\"https:\/\/garageduvernay.ch\/newsite\/\"},{\"@type\":\"ListItem\",\"position\":2,\"name\":\"Agent officiel des scooters \u00e9lectriques UGBEST pour notre r\u00e9gion !\"}]},{\"@type\":\"WebSite\",\"@id\":\"https:\/\/garageduvernay.ch\/newsite\/#website\",\"url\":\"https:\/\/garageduvernay.ch\/newsite\/\",\"name\":\"Garage du Vernay\",\"description\":\"Votre Concessionnaire Toyota et Mitsubishi\",\"publisher\":{\"@id\":\"https:\/\/garageduvernay.ch\/newsite\/#organization\"},\"alternateName\":\"Garage du Vernay\",\"potentialAction\":[{\"@type\":\"SearchAction\",\"target\":{\"@type\":\"EntryPoint\",\"urlTemplate\":\"https:\/\/garageduvernay.ch\/newsite\/?s={search_term_string}\"},\"query-input\":{\"@type\":\"PropertyValueSpecification\",\"valueRequired\":true,\"valueName\":\"search_term_string\"}}],\"inLanguage\":\"fr-FR\"},{\"@type\":\"Organization\",\"@id\":\"https:\/\/garageduvernay.ch\/newsite\/#organization\",\"name\":\"Garage du Vernay\",\"alternateName\":\"Garage du Vernay\",\"url\":\"https:\/\/garageduvernay.ch\/newsite\/\",\"logo\":{\"@type\":\"ImageObject\",\"inLanguage\":\"fr-FR\",\"@id\":\"https:\/\/garageduvernay.ch\/newsite\/#\/schema\/logo\/image\/\",\"url\":\"https:\/\/garageduvernay.ch\/newsite\/wp-content\/uploads\/2024\/04\/Logo-jdf-Final-2021-696x696-1.jpg\",\"contentUrl\":\"https:\/\/garageduvernay.ch\/newsite\/wp-content\/uploads\/2024\/04\/Logo-jdf-Final-2021-696x696-1.jpg\",\"width\":696,\"height\":696,\"caption\":\"Garage du Vernay\"},\"image\":{\"@id\":\"https:\/\/garageduvernay.ch\/newsite\/#\/schema\/logo\/image\/\"}},{\"@type\":\"Person\",\"@id\":\"https:\/\/garageduvernay.ch\/newsite\/#\/schema\/person\/cfd2db0a7bed4f10b5c2f7ef23e4d73a\",\"name\":\"davidoff\",\"image\":{\"@type\":\"ImageObject\",\"inLanguage\":\"fr-FR\",\"@id\":\"https:\/\/garageduvernay.ch\/newsite\/#\/schema\/person\/image\/\",\"url\":\"https:\/\/secure.gravatar.com\/avatar\/c29652c005a2a028487ae726b4e95e28d7c48167148d886094aab8a51231e257?s=96&d=mm&r=g\",\"contentUrl\":\"https:\/\/secure.gravatar.com\/avatar\/c29652c005a2a028487ae726b4e95e28d7c48167148d886094aab8a51231e257?s=96&d=mm&r=g\",\"caption\":\"davidoff\"},\"sameAs\":[\"http:\/\/webdesign-lartigue.ch\"],\"url\":\"https:\/\/garageduvernay.ch\/newsite\/author\/davidoff\/\"}]}<\/script>\n<!-- \/ Yoast SEO plugin. -->","yoast_head_json":{"title":"Agent officiel des scooters \u00e9lectriques UGBEST pour notre r\u00e9gion !","description":"Les scooters \u00e9lectriques R3 d\u2019UGBEST captivent par leur design frais et moderne, leur bon rapport qualit\u00e9\/prix et leurs moteurs puissants de 3 ou 4KW.","robots":{"index":"index","follow":"follow","max-snippet":"max-snippet:-1","max-image-preview":"max-image-preview:large","max-video-preview":"max-video-preview:-1"},"canonical":"https:\/\/garageduvernay.ch\/newsite\/agent-officiel-des-scooters-electriques-ugbest-pour-notre-region\/","og_locale":"fr_FR","og_type":"article","og_title":"Agent officiel des scooters \u00e9lectriques UGBEST pour notre r\u00e9gion !","og_description":"Les scooters \u00e9lectriques R3 d\u2019UGBEST captivent par leur design frais et moderne, leur bon rapport qualit\u00e9\/prix et leurs moteurs puissants de 3 ou 4KW.","og_url":"https:\/\/garageduvernay.ch\/newsite\/agent-officiel-des-scooters-electriques-ugbest-pour-notre-region\/","og_site_name":"Garage du Vernay","article_published_time":"2022-08-25T06:52:12+00:00","article_modified_time":"2022-08-25T06:59:59+00:00","og_image":[{"width":1600,"height":898,"url":"https:\/\/garageduvernay.ch\/newsite\/wp-content\/uploads\/2022\/08\/Header-R3-01.jpg","type":"image\/jpeg"}],"author":"davidoff","twitter_card":"summary_large_image","twitter_misc":{"\u00c9crit par":"davidoff","Dur\u00e9e de lecture estim\u00e9e":"1 minute"},"schema":{"@context":"https:\/\/schema.org","@graph":[{"@type":"Article","@id":"https:\/\/garageduvernay.ch\/newsite\/agent-officiel-des-scooters-electriques-ugbest-pour-notre-region\/#article","isPartOf":{"@id":"https:\/\/garageduvernay.ch\/newsite\/agent-officiel-des-scooters-electriques-ugbest-pour-notre-region\/"},"author":{"name":"davidoff","@id":"https:\/\/garageduvernay.ch\/newsite\/#\/schema\/person\/cfd2db0a7bed4f10b5c2f7ef23e4d73a"},"headline":"Agent officiel des scooters \u00e9lectriques UGBEST pour notre r\u00e9gion !","datePublished":"2022-08-25T06:52:12+00:00","dateModified":"2022-08-25T06:59:59+00:00","mainEntityOfPage":{"@id":"https:\/\/garageduvernay.ch\/newsite\/agent-officiel-des-scooters-electriques-ugbest-pour-notre-region\/"},"wordCount":248,"publisher":{"@id":"https:\/\/garageduvernay.ch\/newsite\/#organization"},"image":{"@id":"https:\/\/garageduvernay.ch\/newsite\/agent-officiel-des-scooters-electriques-ugbest-pour-notre-region\/#primaryimage"},"thumbnailUrl":"https:\/\/garageduvernay.ch\/newsite\/wp-content\/uploads\/2022\/08\/Header-R3-01.jpg","keywords":["garage du vernay","scooters \u00e9lectriques","UGBEST"],"articleSection":["Ev\u00e9nements","Nouveaut\u00e9s"],"inLanguage":"fr-FR"},{"@type":"WebPage","@id":"https:\/\/garageduvernay.ch\/newsite\/agent-officiel-des-scooters-electriques-ugbest-pour-notre-region\/","url":"https:\/\/garageduvernay.ch\/newsite\/agent-officiel-des-scooters-electriques-ugbest-pour-notre-region\/","name":"Agent officiel des scooters \u00e9lectriques UGBEST pour notre r\u00e9gion !","isPartOf":{"@id":"https:\/\/garageduvernay.ch\/newsite\/#website"},"primaryImageOfPage":{"@id":"https:\/\/garageduvernay.ch\/newsite\/agent-officiel-des-scooters-electriques-ugbest-pour-notre-region\/#primaryimage"},"image":{"@id":"https:\/\/garageduvernay.ch\/newsite\/agent-officiel-des-scooters-electriques-ugbest-pour-notre-region\/#primaryimage"},"thumbnailUrl":"https:\/\/garageduvernay.ch\/newsite\/wp-content\/uploads\/2022\/08\/Header-R3-01.jpg","datePublished":"2022-08-25T06:52:12+00:00","dateModified":"2022-08-25T06:59:59+00:00","description":"Les scooters \u00e9lectriques R3 d\u2019UGBEST captivent par leur design frais et moderne, leur bon rapport qualit\u00e9\/prix et leurs moteurs puissants de 3 ou 4KW.","breadcrumb":{"@id":"https:\/\/garageduvernay.ch\/newsite\/agent-officiel-des-scooters-electriques-ugbest-pour-notre-region\/#breadcrumb"},"inLanguage":"fr-FR","potentialAction":[{"@type":"ReadAction","target":["https:\/\/garageduvernay.ch\/newsite\/agent-officiel-des-scooters-electriques-ugbest-pour-notre-region\/"]}]},{"@type":"ImageObject","inLanguage":"fr-FR","@id":"https:\/\/garageduvernay.ch\/newsite\/agent-officiel-des-scooters-electriques-ugbest-pour-notre-region\/#primaryimage","url":"https:\/\/garageduvernay.ch\/newsite\/wp-content\/uploads\/2022\/08\/Header-R3-01.jpg","contentUrl":"https:\/\/garageduvernay.ch\/newsite\/wp-content\/uploads\/2022\/08\/Header-R3-01.jpg","width":1600,"height":898,"caption":"Scooter UGBEST R3"},{"@type":"BreadcrumbList","@id":"https:\/\/garageduvernay.ch\/newsite\/agent-officiel-des-scooters-electriques-ugbest-pour-notre-region\/#breadcrumb","itemListElement":[{"@type":"ListItem","position":1,"name":"Accueil","item":"https:\/\/garageduvernay.ch\/newsite\/"},{"@type":"ListItem","position":2,"name":"Agent officiel des scooters \u00e9lectriques UGBEST pour notre r\u00e9gion !"}]},{"@type":"WebSite","@id":"https:\/\/garageduvernay.ch\/newsite\/#website","url":"https:\/\/garageduvernay.ch\/newsite\/","name":"Garage du Vernay","description":"Votre Concessionnaire Toyota et Mitsubishi","publisher":{"@id":"https:\/\/garageduvernay.ch\/newsite\/#organization"},"alternateName":"Garage du Vernay","potentialAction":[{"@type":"SearchAction","target":{"@type":"EntryPoint","urlTemplate":"https:\/\/garageduvernay.ch\/newsite\/?s={search_term_string}"},"query-input":{"@type":"PropertyValueSpecification","valueRequired":true,"valueName":"search_term_string"}}],"inLanguage":"fr-FR"},{"@type":"Organization","@id":"https:\/\/garageduvernay.ch\/newsite\/#organization","name":"Garage du Vernay","alternateName":"Garage du Vernay","url":"https:\/\/garageduvernay.ch\/newsite\/","logo":{"@type":"ImageObject","inLanguage":"fr-FR","@id":"https:\/\/garageduvernay.ch\/newsite\/#\/schema\/logo\/image\/","url":"https:\/\/garageduvernay.ch\/newsite\/wp-content\/uploads\/2024\/04\/Logo-jdf-Final-2021-696x696-1.jpg","contentUrl":"https:\/\/garageduvernay.ch\/newsite\/wp-content\/uploads\/2024\/04\/Logo-jdf-Final-2021-696x696-1.jpg","width":696,"height":696,"caption":"Garage du Vernay"},"image":{"@id":"https:\/\/garageduvernay.ch\/newsite\/#\/schema\/logo\/image\/"}},{"@type":"Person","@id":"https:\/\/garageduvernay.ch\/newsite\/#\/schema\/person\/cfd2db0a7bed4f10b5c2f7ef23e4d73a","name":"davidoff","image":{"@type":"ImageObject","inLanguage":"fr-FR","@id":"https:\/\/garageduvernay.ch\/newsite\/#\/schema\/person\/image\/","url":"https:\/\/secure.gravatar.com\/avatar\/c29652c005a2a028487ae726b4e95e28d7c48167148d886094aab8a51231e257?s=96&d=mm&r=g","contentUrl":"https:\/\/secure.gravatar.com\/avatar\/c29652c005a2a028487ae726b4e95e28d7c48167148d886094aab8a51231e257?s=96&d=mm&r=g","caption":"davidoff"},"sameAs":["http:\/\/webdesign-lartigue.ch"],"url":"https:\/\/garageduvernay.ch\/newsite\/author\/davidoff\/"}]}},"_links":{"self":[{"href":"https:\/\/garageduvernay.ch\/newsite\/wp-json\/wp\/v2\/posts\/18857","targetHints":{"allow":["GET"]}}],"collection":[{"href":"https:\/\/garageduvernay.ch\/newsite\/wp-json\/wp\/v2\/posts"}],"about":[{"href":"https:\/\/garageduvernay.ch\/newsite\/wp-json\/wp\/v2\/types\/post"}],"author":[{"embeddable":true,"href":"https:\/\/garageduvernay.ch\/newsite\/wp-json\/wp\/v2\/users\/1"}],"replies":[{"embeddable":true,"href":"https:\/\/garageduvernay.ch\/newsite\/wp-json\/wp\/v2\/comments?post=18857"}],"version-history":[{"count":6,"href":"https:\/\/garageduvernay.ch\/newsite\/wp-json\/wp\/v2\/posts\/18857\/revisions"}],"predecessor-version":[{"id":18863,"href":"https:\/\/garageduvernay.ch\/newsite\/wp-json\/wp\/v2\/posts\/18857\/revisions\/18863"}],"wp:featuredmedia":[{"embeddable":true,"href":"https:\/\/garageduvernay.ch\/newsite\/wp-json\/wp\/v2\/media\/18835"}],"wp:attachment":[{"href":"https:\/\/garageduvernay.ch\/newsite\/wp-json\/wp\/v2\/media?parent=18857"}],"wp:term":[{"taxonomy":"category","embeddable":true,"href":"https:\/\/garageduvernay.ch\/newsite\/wp-json\/wp\/v2\/categories?post=18857"},{"taxonomy":"post_tag","embeddable":true,"href":"https:\/\/garageduvernay.ch\/newsite\/wp-json\/wp\/v2\/tags?post=18857"}],"curies":[{"name":"wp","href":"https:\/\/api.w.org\/{rel}","templated":true}]}}